{"id":4250,"date":"2026-08-27T17:00:25","date_gmt":"2026-08-27T14:00:25","guid":{"rendered":"https:\/\/eakl.ee\/?p=4250"},"modified":"2026-08-27T20:38:55","modified_gmt":"2026-08-27T17:38:55","slug":"kutse-erihoolekande-alarahastamisele-tahelepanu-juhtivale-meeleavaldusel","status":"publish","type":"post","link":"https:\/\/eakl.ee\/ru\/ametiuhingute-tegevus\/kutse-erihoolekande-alarahastamisele-tahelepanu-juhtivale-meeleavaldusel\/","title":{"rendered":"Kutse erihoolekande alarahastamisele t\u00e4helepanu juhtivale meeleavaldusel"},"content":{"rendered":"<p>ROTAL kutsub teid osalema neljap\u00e4eval, 3. septembril Tallinnas toimuval rahumeelsel meeleavaldusel, millega juhitakse t\u00e4helepanu erihoolekande kriitilisele alarahastamisele.<\/p>\n<p><strong>Riigi- ja Omavalitsusasutuste Teenistujate Ameti\u00fching (ROTAL) ja Sotsiaalala T\u00f6\u00f6tajate Ameti\u00fching osalevad meeleavaldusel, mille korraldab Erihoolekandeteenuste Pakkujate Liit.<\/strong><\/p>\n<p>Meeleavalduse p\u00f5his\u00f5num on, et kui riik ei taga erihoolekandele piisavat rahastust, halveneb teenuste k\u00e4ttesaadavus ja kvaliteet ning s\u00fcveneb t\u00f6\u00f6tajate puudus. Ja sellega on ohus kogu valdkonna kestlikkus senisel kujul!<\/p>\n<p><strong>Kogunemine on 3. septembril kell 11 Riigikogu ette.<\/strong> Sealt liigume \u00fcheskoos Stenbocki maja juurde, kus anname sotsiaalministrile \u00fcle p\u00f6\u00f6rdumine ja s\u00fcmboolse arve erihoolekande alarahastamise eest.<\/p>\n<p>Meeleavaldus on planeeritud rahumeelsena, v\u00f5imalike s\u00f5nav\u00f5ttudega ja l\u00fchikesena, et osalejad saaksid v\u00f5imalikult kiiresti oma t\u00f6\u00f6postile naasta.<\/p>\n<p>V\u00f5imalusel v\u00f5tke kaasa plakat, millel on s\u00f5num erihoolekannet, selle t\u00f6\u00f6tajaid ja teenuseid vajavaid inimesi toetava s\u00f5numiga. ROTAL-i esindajad kasutavad soovi korral siniseid veste, mille ette ja taha saab kinnitada l\u00fchikese s\u00f5numi.<\/p>\n<p>Iga osaleja aitab poliitikutel ja avalikkusel m\u00f5ista, et erihoolekande t\u00f6\u00f6tajate ja teenusel olevate inimeste vajadustega on vaja koheselt riigieelarve koostamisel arvestada.<\/p>\n<p>Palun registreeri oma ameti\u00fchingu v\u00f5i grupi osalemine <a href=\"https:\/\/forms.cloud.microsoft\/r\/fcf7j7py4k\" target=\"_blank\" rel=\"noopener\">\u0437\u0434\u0435\u0441\u044c<\/a>.<\/p>\n<p>\u0414\u043e\u043f\u043e\u043b\u043d\u0438\u0442\u0435\u043b\u044c\u043d\u0430\u044f \u0438\u043d\u0444\u043e\u0440\u043c\u0430\u0446\u0438\u044f:<\/p>\n<ul>\n<li>Sotsiaalala T\u00f6\u00f6tajate Ameti\u00fchingu juhatuse liige Helle N\u00f5mmiksaar, tel 5683 5160<\/li>\n<li>ROTAL-i esimees Kalle Liivam\u00e4gi, tel 525 0063<\/li>\n<\/ul>\n<p><em>Kohtume 3. septembril Toompeal!<\/em><\/p>","protected":false},"excerpt":{"rendered":"<p>ROTAL kutsub teid osalema neljap\u00e4eval, 3. septembril Tallinnas toimuval rahumeelsel meeleavaldusel, millega juhitakse t\u00e4helepanu erihoolekande kriitilisele alarahastamisele. Riigi- ja Omavalitsusasutuste Teenistujate Ameti\u00fching (ROTAL) ja Sotsiaalala T\u00f6\u00f6tajate Ameti\u00fching osalevad meeleavaldusel, mille korraldab Erihoolekandeteenuste Pakkujate Liit. Meeleavalduse p\u00f5his\u00f5num on, et kui riik ei taga erihoolekandele piisavat rahastust, halveneb teenuste k\u00e4ttesaadavus ja kvaliteet ning s\u00fcveneb t\u00f6\u00f6tajate puudus. Ja [&hellip;]<\/p>\n","protected":false},"author":3,"featured_media":4253,"comment_status":"closed","ping_status":"closed","sticky":false,"template":"","format":"standard","meta":{"_acf_changed":false,"_breakdance_hide_in_design_set":false,"_breakdance_tags":"","footnotes":""},"categories":[8],"tags":[158,159,117,51,108],"class_list":["post-4250","post","type-post","status-publish","format-standard","has-post-thumbnail","hentry","category-ametiuhingute-tegevus","tag-erihoolekanne","tag-helle-nommiksaar","tag-kalle-liivamagi","tag-meeleavaldus","tag-rotal"],"acf":[],"_links":{"self":[{"href":"https:\/\/eakl.ee\/ru\/wp-json\/wp\/v2\/posts\/4250","targetHints":{"allow":["GET"]}}],"collection":[{"href":"https:\/\/eakl.ee\/ru\/wp-json\/wp\/v2\/posts"}],"about":[{"href":"https:\/\/eakl.ee\/ru\/wp-json\/wp\/v2\/types\/post"}],"author":[{"embeddable":true,"href":"https:\/\/eakl.ee\/ru\/wp-json\/wp\/v2\/users\/3"}],"replies":[{"embeddable":true,"href":"https:\/\/eakl.ee\/ru\/wp-json\/wp\/v2\/comments?post=4250"}],"version-history":[{"count":1,"href":"https:\/\/eakl.ee\/ru\/wp-json\/wp\/v2\/posts\/4250\/revisions"}],"predecessor-version":[{"id":4252,"href":"https:\/\/eakl.ee\/ru\/wp-json\/wp\/v2\/posts\/4250\/revisions\/4252"}],"wp:featuredmedia":[{"embeddable":true,"href":"https:\/\/eakl.ee\/ru\/wp-json\/wp\/v2\/media\/4253"}],"wp:attachment":[{"href":"https:\/\/eakl.ee\/ru\/wp-json\/wp\/v2\/media?parent=4250"}],"wp:term":[{"taxonomy":"category","embeddable":true,"href":"https:\/\/eakl.ee\/ru\/wp-json\/wp\/v2\/categories?post=4250"},{"taxonomy":"post_tag","embeddable":true,"href":"https:\/\/eakl.ee\/ru\/wp-json\/wp\/v2\/tags?post=4250"}],"curies":[{"name":"wp","href":"https:\/\/api.w.org\/{rel}","templated":true}]}}