{"id":3567,"date":"2026-04-27T17:29:47","date_gmt":"2026-04-27T14:29:47","guid":{"rendered":"https:\/\/eakl.ee\/?p=3567"},"modified":"2026-04-27T17:31:57","modified_gmt":"2026-04-27T14:31:57","slug":"eakl-kutsub-infotundi-mis-tooks-tootajad-ametiuhingusse","status":"publish","type":"post","link":"https:\/\/eakl.ee\/ru\/infotund\/eakl-kutsub-infotundi-mis-tooks-tootajad-ametiuhingusse\/","title":{"rendered":"EAKL kutsub infotundi: &#8220;Mis tooks t\u00f6\u00f6tajad ameti\u00fchingusse?&#8221;"},"content":{"rendered":"<p>Ameti\u00fchingute Keskliit kutsub neljap\u00e4eval, 30. aprillil tasuta veebinari, kus arutatakse, kuidas tuua ameti\u00fchingutesse rohkem liikmeid ning tugevdada t\u00f6\u00f6tajate m\u00f5jukust t\u00e4nases t\u00f6\u00f6elus. Infotunnis avab teemat EAKL-i organisatsioonisekret\u00e4r Evelin Tomson.<\/p>\n<p>Infotund toimub neljap\u00e4eval, <strong>30. aprillil kl 13 <a href=\"http:\/\/us06web.zoom.us\/j\/82950782802\" target=\"_blank\" rel=\"noopener\">Zoomis<\/a>.\u00a0<\/strong><\/p>\n<p>Koos osalejatega vaadatakse, miks on t\u00f6\u00f6tajad l\u00e4bi aegade ameti\u00fchingusse astunud, millised teemad on olnud nende jaoks k\u00f5ige olulisemad ning kuidas on t\u00f6\u00f6tajad oma \u00f5igused v\u00e4lja v\u00f5idelnud. Teema on eriti ajakohane seet\u00f5ttu, et 1. mail t\u00e4histame t\u00f6\u00f6rahva p\u00fcha. See on riigip\u00fcha ja vaba p\u00e4ev, mille eest maksab t\u00f6\u00f6andja t\u00f6\u00f6tajale keskmist t\u00f6\u00f6tasu. Tegemist on \u00f5igusega, mis on meil t\u00f6\u00f6tajate \u00fchise tegutsemise ja ameti\u00fchingute pikaaegse t\u00f6\u00f6 tulemusena.<\/p>\n<p>Evelin Tomson r\u00f5hutab, et t\u00f6\u00f6tajate h\u00e4\u00e4l k\u00f5lab \u00fchiskonnas tugevamalt siis, kui t\u00f6\u00f6tajad tegutsevad koos. Infotund annabki v\u00f5imaluse m\u00f5elda kaasa, kuidas muuta ameti\u00fchingud m\u00f5jukamaks, n\u00fc\u00fcdisaegsemaks ja t\u00f6\u00f6tajatele l\u00e4hedasemaks organisatsiooniks.<\/p>\n<p><strong>Osalemine on tasuta!<\/strong><\/p>\n<p>Lisainfo: Evelin Tomson &#8211; 5645 7733, evelin.tomson@eakl.ee<\/p>","protected":false},"excerpt":{"rendered":"<p>Ameti\u00fchingute Keskliit kutsub neljap\u00e4eval, 30. aprillil tasuta veebinari, kus arutatakse, kuidas tuua ameti\u00fchingutesse rohkem liikmeid ning tugevdada t\u00f6\u00f6tajate m\u00f5jukust t\u00e4nases t\u00f6\u00f6elus. Infotunnis avab teemat EAKL-i organisatsioonisekret\u00e4r Evelin Tomson. Infotund toimub neljap\u00e4eval, 30. aprillil kl 13 Zoomis.\u00a0 Koos osalejatega vaadatakse, miks on t\u00f6\u00f6tajad l\u00e4bi aegade ameti\u00fchingusse astunud, millised teemad on olnud nende jaoks k\u00f5ige olulisemad ning [&hellip;]<\/p>\n","protected":false},"author":3,"featured_media":3568,"comment_status":"open","ping_status":"open","sticky":false,"template":"","format":"standard","meta":{"_acf_changed":false,"_breakdance_hide_in_design_set":false,"_breakdance_tags":"","footnotes":""},"categories":[66],"tags":[28,20,17,58,83,82,53,21],"class_list":["post-3567","post","type-post","status-publish","format-standard","has-post-thumbnail","hentry","category-infotund","tag-ametiuhing","tag-ametiuhingute-keskliit","tag-eakl","tag-eesti","tag-evelin-tomson","tag-infotund","tag-tootamine","tag-tooturg"],"acf":[],"_links":{"self":[{"href":"https:\/\/eakl.ee\/ru\/wp-json\/wp\/v2\/posts\/3567","targetHints":{"allow":["GET"]}}],"collection":[{"href":"https:\/\/eakl.ee\/ru\/wp-json\/wp\/v2\/posts"}],"about":[{"href":"https:\/\/eakl.ee\/ru\/wp-json\/wp\/v2\/types\/post"}],"author":[{"embeddable":true,"href":"https:\/\/eakl.ee\/ru\/wp-json\/wp\/v2\/users\/3"}],"replies":[{"embeddable":true,"href":"https:\/\/eakl.ee\/ru\/wp-json\/wp\/v2\/comments?post=3567"}],"version-history":[{"count":4,"href":"https:\/\/eakl.ee\/ru\/wp-json\/wp\/v2\/posts\/3567\/revisions"}],"predecessor-version":[{"id":3572,"href":"https:\/\/eakl.ee\/ru\/wp-json\/wp\/v2\/posts\/3567\/revisions\/3572"}],"wp:featuredmedia":[{"embeddable":true,"href":"https:\/\/eakl.ee\/ru\/wp-json\/wp\/v2\/media\/3568"}],"wp:attachment":[{"href":"https:\/\/eakl.ee\/ru\/wp-json\/wp\/v2\/media?parent=3567"}],"wp:term":[{"taxonomy":"category","embeddable":true,"href":"https:\/\/eakl.ee\/ru\/wp-json\/wp\/v2\/categories?post=3567"},{"taxonomy":"post_tag","embeddable":true,"href":"https:\/\/eakl.ee\/ru\/wp-json\/wp\/v2\/tags?post=3567"}],"curies":[{"name":"wp","href":"https:\/\/api.w.org\/{rel}","templated":true}]}}