{"id":2528,"date":"2025-10-27T13:40:36","date_gmt":"2025-10-27T11:40:36","guid":{"rendered":"https:\/\/eakl.ee\/?p=2528"},"modified":"2026-04-26T16:08:44","modified_gmt":"2026-04-26T13:08:44","slug":"ametiuhingute-esindajad-kohtusid-euroopa-komisjoni-asepresidendiga","status":"publish","type":"post","link":"https:\/\/eakl.ee\/en\/rahvusvaheline-koostoo\/ametiuhingute-esindajad-kohtusid-euroopa-komisjoni-asepresidendiga\/","title":{"rendered":"Trade union representatives meet the Vice-President of the European Commission"},"content":{"rendered":"<p>On Friday, 24 October, Kaia Vask, the leader of the Estonian Trade Union Confederation, and Political Secretary Jaan-Hendrik Toomel met with Roxana M\u00eenzatu, the European Commission's Senior Vice President for Social Rights, Skills, Quality Jobs and Preparedness, who was on a working visit to Estonia. For the Confederation, the meeting was an important opportunity to highlight the problems of the Estonian labour market and to convey workers' views directly to the European level.<\/p>\n<p>During the meeting, the Vice-President stressed that Europe's defence capabilities are not based on armaments alone. It also requires a well-managed workforce and a cohesive and strong society. The discussion focused on how to improve the quality of jobs in Estonia, support the development of workers' skills and promote labour mobility within the EU.<\/p>\n<p>Kaia Vask, the leader of the Confederation, stressed at the meeting that workers' rights, lifelong learning and quality jobs must be at the heart of European social policy, especially in the light of rapid changes in the labour market and growing expectations of the workforce. Such meetings will help to strengthen cooperation with the EU institutions and ensure that workers' interests are not left behind in the process of digitalisation and economic adjustment,\" said Vask.<\/p>\n<p>During his stay in Estonia, the Vice-President also met with members of the government and representatives of start-up companies.<\/p>\n<p><em>Photos by Marko Mumm<\/em><\/p>","protected":false},"excerpt":{"rendered":"<p>Reedel, 24. oktoobril kohtusid Eesti Ameti\u00fchingute Keskliidu juht Kaia Vask ja poliitikasekret\u00e4r Jaan-Hendrik Toomel Eestis t\u00f6\u00f6visiidil viibinud Euroopa Komisjoni sotsiaal\u00f5iguste, oskuste, kvaliteetsete t\u00f6\u00f6kohtade ja valmisoleku valdkonna juhtiva asepresidendi Roxana M\u00eenzatu\u2019ga. Ameti\u00fchingute Keskliidu jaoks oli kohtumine oluline v\u00f5imalus tuua esile Eesti t\u00f6\u00f6turu probleemid ja edastada t\u00f6\u00f6tajate vaatenurk otse Euroopa tasandile. Kohtumisel r\u00f5hutas asepresident, et Euroopa kaitsev\u00f5ime [&hellip;]<\/p>\n","protected":false},"author":3,"featured_media":2529,"comment_status":"open","ping_status":"open","sticky":false,"template":"","format":"standard","meta":{"_acf_changed":false,"_breakdance_hide_in_design_set":false,"_breakdance_tags":"","footnotes":""},"categories":[9],"tags":[20,17,25,27,26,21],"class_list":["post-2528","post","type-post","status-publish","format-standard","has-post-thumbnail","hentry","category-rahvusvaheline-koostoo","tag-ametiuhingute-keskliit","tag-eakl","tag-euroopa-komisjoni-esindus-eestis","tag-jaan-hendrik-toomel","tag-kaiia-vask","tag-tooturg"],"acf":[],"_links":{"self":[{"href":"https:\/\/eakl.ee\/en\/wp-json\/wp\/v2\/posts\/2528","targetHints":{"allow":["GET"]}}],"collection":[{"href":"https:\/\/eakl.ee\/en\/wp-json\/wp\/v2\/posts"}],"about":[{"href":"https:\/\/eakl.ee\/en\/wp-json\/wp\/v2\/types\/post"}],"author":[{"embeddable":true,"href":"https:\/\/eakl.ee\/en\/wp-json\/wp\/v2\/users\/3"}],"replies":[{"embeddable":true,"href":"https:\/\/eakl.ee\/en\/wp-json\/wp\/v2\/comments?post=2528"}],"version-history":[{"count":2,"href":"https:\/\/eakl.ee\/en\/wp-json\/wp\/v2\/posts\/2528\/revisions"}],"predecessor-version":[{"id":2532,"href":"https:\/\/eakl.ee\/en\/wp-json\/wp\/v2\/posts\/2528\/revisions\/2532"}],"wp:featuredmedia":[{"embeddable":true,"href":"https:\/\/eakl.ee\/en\/wp-json\/wp\/v2\/media\/2529"}],"wp:attachment":[{"href":"https:\/\/eakl.ee\/en\/wp-json\/wp\/v2\/media?parent=2528"}],"wp:term":[{"taxonomy":"category","embeddable":true,"href":"https:\/\/eakl.ee\/en\/wp-json\/wp\/v2\/categories?post=2528"},{"taxonomy":"post_tag","embeddable":true,"href":"https:\/\/eakl.ee\/en\/wp-json\/wp\/v2\/tags?post=2528"}],"curies":[{"name":"wp","href":"https:\/\/api.w.org\/{rel}","templated":true}]}}